{"id":1295,"date":"2025-10-13T08:03:56","date_gmt":"2025-10-13T08:03:56","guid":{"rendered":"https:\/\/askala.no\/?p=1295"},"modified":"2025-10-13T08:11:40","modified_gmt":"2025-10-13T08:11:40","slug":"arkitekt-og-ansvarlig-soker-asker-kommune","status":"publish","type":"post","link":"https:\/\/askala.no\/index.php\/2025\/10\/13\/arkitekt-og-ansvarlig-soker-asker-kommune\/","title":{"rendered":"Arkitekt og ansvarlig s\u00f8ker Asker kommune"},"content":{"rendered":"\t\t<div data-elementor-type=\"wp-post\" data-elementor-id=\"1295\" class=\"elementor elementor-1295\" data-elementor-post-type=\"post\">\n\t\t\t\t\t\t<section class=\"elementor-section elementor-top-section elementor-element elementor-element-85d450b elementor-section-boxed elementor-section-height-default elementor-section-height-default\" data-id=\"85d450b\" data-element_type=\"section\">\n\t\t\t\t\t\t<div class=\"elementor-container elementor-column-gap-default\">\n\t\t\t\t\t<div class=\"elementor-column elementor-col-100 elementor-top-column elementor-element elementor-element-ebce590\" data-id=\"ebce590\" data-element_type=\"column\">\n\t\t\t<div class=\"elementor-widget-wrap elementor-element-populated\">\n\t\t\t\t\t\t<div class=\"elementor-element elementor-element-c28e301 elementor-widget elementor-widget-heading\" data-id=\"c28e301\" data-element_type=\"widget\" data-widget_type=\"heading.default\">\n\t\t\t\t<div class=\"elementor-widget-container\">\n\t\t\t\t\t<h2 class=\"elementor-heading-title elementor-size-default\">Arkitekt og ansvarlig s\u00f8ker i Asker kommune<\/h2>\t\t\t\t<\/div>\n\t\t\t\t<\/div>\n\t\t\t\t\t<\/div>\n\t\t<\/div>\n\t\t\t\t\t<\/div>\n\t\t<\/section>\n\t\t\t\t<section class=\"elementor-section elementor-top-section elementor-element elementor-element-253b759 elementor-section-boxed elementor-section-height-default elementor-section-height-default\" data-id=\"253b759\" data-element_type=\"section\">\n\t\t\t\t\t\t<div class=\"elementor-container elementor-column-gap-default\">\n\t\t\t\t\t<div class=\"elementor-column elementor-col-100 elementor-top-column elementor-element elementor-element-05db0a9\" data-id=\"05db0a9\" data-element_type=\"column\">\n\t\t\t<div class=\"elementor-widget-wrap\">\n\t\t\t\t\t\t\t<\/div>\n\t\t<\/div>\n\t\t\t\t\t<\/div>\n\t\t<\/section>\n\t\t\t\t<section class=\"elementor-section elementor-top-section elementor-element elementor-element-5a64174 elementor-section-boxed elementor-section-height-default elementor-section-height-default\" data-id=\"5a64174\" data-element_type=\"section\">\n\t\t\t\t\t\t<div class=\"elementor-container elementor-column-gap-default\">\n\t\t\t\t\t<div class=\"elementor-column elementor-col-100 elementor-top-column elementor-element elementor-element-20502f0\" data-id=\"20502f0\" data-element_type=\"column\">\n\t\t\t<div class=\"elementor-widget-wrap elementor-element-populated\">\n\t\t\t\t\t\t<div class=\"elementor-element elementor-element-85aedb2 elementor-widget elementor-widget-text-editor\" data-id=\"85aedb2\" data-element_type=\"widget\" data-widget_type=\"text-editor.default\">\n\t\t\t\t<div class=\"elementor-widget-container\">\n\t\t\t\t\t\t\t\t\t<p data-start=\"663\" data-end=\"958\">ASKALA ARKITEKTUR AS er et lokalt arkitektkontor i Asker kommune som tilbyr arkitekttjenester og ansvarlig s\u00f8ker (S\u00d8K) for b\u00e5de private og profesjonelle kunder.<br data-start=\"831\" data-end=\"834\" \/>Vi hjelper deg med alt fra id\u00e9 og tegninger til komplett bygges\u00f8knad \u2013 trygt, ryddig og i tr\u00e5d med plan- og bygningsloven.<\/p>\n<p data-start=\"960\" data-end=\"1156\">Som arkitekt i Asker har vi god kjennskap til lokale reguleringsplaner, kommunale rutiner og krav til bygges\u00f8knad.<br data-start=\"1078\" data-end=\"1081\" \/>Det gj\u00f8r prosessen enklere, raskere og mer forutsigbar for deg som kunde.<\/p>\n<p data-start=\"1158\" data-end=\"1423\">Med sentral godkjenning i h\u00f8y tiltaksklasse tar ASKALA ARKITEKTUR AS ansvar som b\u00e5de prosjekterende (PRO ARK) og ansvarlig s\u00f8ker (S\u00d8K).<br data-start=\"1301\" data-end=\"1304\" \/>Du f\u00e5r \u00e9n faglig sterk samarbeidspartner som f\u00f8lger prosjektet hele veien \u2013 fra f\u00f8rste skisse til ferdig godkjenning.<\/p>\n<p data-start=\"1425\" data-end=\"1464\">Hvorfor velge ASKALA ARKITEKTUR AS:<\/p>\n<ul data-start=\"1465\" data-end=\"1708\">\n<li data-start=\"1465\" data-end=\"1526\">\n<p data-start=\"1467\" data-end=\"1526\">Vi kjenner Asker kommune og lokale byggesaksprosesser<\/p>\n<\/li>\n<li data-start=\"1527\" data-end=\"1584\">\n<p data-start=\"1529\" data-end=\"1584\">Vi s\u00f8rger for korrekte og komplette bygges\u00f8knader<\/p>\n<\/li>\n<li data-start=\"1585\" data-end=\"1649\">\n<p data-start=\"1587\" data-end=\"1649\">Vi tilbyr arkitektur med funksjon, kvalitet og b\u00e6rekraft<\/p>\n<\/li>\n<li data-start=\"1650\" data-end=\"1708\">\n<p data-start=\"1652\" data-end=\"1708\">Vi gir personlig oppf\u00f8lging og h\u00f8y faglig trygghet<\/p>\n<\/li>\n<\/ul>\n<p data-start=\"1710\" data-end=\"1866\">Uansett om du planlegger nybygg, tilbygg, bruksendring eller ettergodkjenning, hjelper ASKALA ARKITEKTUR AS deg med en s\u00f8ml\u00f8s og profesjonell prosess.<\/p>\t\t\t\t\t\t\t\t<\/div>\n\t\t\t\t<\/div>\n\t\t\t\t\t<\/div>\n\t\t<\/div>\n\t\t\t\t\t<\/div>\n\t\t<\/section>\n\t\t\t\t<\/div>\n\t\t","protected":false},"excerpt":{"rendered":"<p>Arkitekt og ansvarlig s\u00f8ker i Asker kommune ASKALA ARKITEKTUR AS er et lokalt arkitektkontor i Asker kommune som tilbyr arkitekttjenester og ansvarlig s\u00f8ker (S\u00d8K) for b\u00e5de private og profesjonelle kunder.Vi hjelper deg med alt fra id\u00e9 og tegninger til komplett bygges\u00f8knad \u2013 trygt, ryddig og i tr\u00e5d med plan- og bygningsloven. Som arkitekt i Asker [&hellip;]<\/p>\n","protected":false},"author":4,"featured_media":1151,"comment_status":"open","ping_status":"open","sticky":false,"template":"","format":"standard","meta":{"ocean_post_layout":"","ocean_both_sidebars_style":"","ocean_both_sidebars_content_width":0,"ocean_both_sidebars_sidebars_width":0,"ocean_sidebar":"","ocean_second_sidebar":"","ocean_disable_margins":"enable","ocean_add_body_class":"","ocean_shortcode_before_top_bar":"","ocean_shortcode_after_top_bar":"","ocean_shortcode_before_header":"","ocean_shortcode_after_header":"","ocean_has_shortcode":"","ocean_shortcode_after_title":"","ocean_shortcode_before_footer_widgets":"","ocean_shortcode_after_footer_widgets":"","ocean_shortcode_before_footer_bottom":"","ocean_shortcode_after_footer_bottom":"","ocean_display_top_bar":"default","ocean_display_header":"default","ocean_header_style":"","ocean_center_header_left_menu":"","ocean_custom_header_template":"","ocean_custom_logo":0,"ocean_custom_retina_logo":0,"ocean_custom_logo_max_width":0,"ocean_custom_logo_tablet_max_width":0,"ocean_custom_logo_mobile_max_width":0,"ocean_custom_logo_max_height":0,"ocean_custom_logo_tablet_max_height":0,"ocean_custom_logo_mobile_max_height":0,"ocean_header_custom_menu":"","ocean_menu_typo_font_family":"","ocean_menu_typo_font_subset":"","ocean_menu_typo_font_size":0,"ocean_menu_typo_font_size_tablet":0,"ocean_menu_typo_font_size_mobile":0,"ocean_menu_typo_font_size_unit":"px","ocean_menu_typo_font_weight":"","ocean_menu_typo_font_weight_tablet":"","ocean_menu_typo_font_weight_mobile":"","ocean_menu_typo_transform":"","ocean_menu_typo_transform_tablet":"","ocean_menu_typo_transform_mobile":"","ocean_menu_typo_line_height":0,"ocean_menu_typo_line_height_tablet":0,"ocean_menu_typo_line_height_mobile":0,"ocean_menu_typo_line_height_unit":"","ocean_menu_typo_spacing":0,"ocean_menu_typo_spacing_tablet":0,"ocean_menu_typo_spacing_mobile":0,"ocean_menu_typo_spacing_unit":"","ocean_menu_link_color":"","ocean_menu_link_color_hover":"","ocean_menu_link_color_active":"","ocean_menu_link_background":"","ocean_menu_link_hover_background":"","ocean_menu_link_active_background":"","ocean_menu_social_links_bg":"","ocean_menu_social_hover_links_bg":"","ocean_menu_social_links_color":"","ocean_menu_social_hover_links_color":"","ocean_disable_title":"default","ocean_disable_heading":"default","ocean_post_title":"","ocean_post_subheading":"","ocean_post_title_style":"","ocean_post_title_background_color":"","ocean_post_title_background":0,"ocean_post_title_bg_image_position":"","ocean_post_title_bg_image_attachment":"","ocean_post_title_bg_image_repeat":"","ocean_post_title_bg_image_size":"","ocean_post_title_height":0,"ocean_post_title_bg_overlay":0.5,"ocean_post_title_bg_overlay_color":"","ocean_disable_breadcrumbs":"default","ocean_breadcrumbs_color":"","ocean_breadcrumbs_separator_color":"","ocean_breadcrumbs_links_color":"","ocean_breadcrumbs_links_hover_color":"","ocean_display_footer_widgets":"default","ocean_display_footer_bottom":"default","ocean_custom_footer_template":"","ocean_post_oembed":"","ocean_post_self_hosted_media":"","ocean_post_video_embed":"","ocean_link_format":"","ocean_link_format_target":"self","ocean_quote_format":"","ocean_quote_format_link":"post","ocean_gallery_link_images":"on","ocean_gallery_id":[],"footnotes":""},"categories":[15,16],"tags":[],"class_list":["post-1295","post","type-post","status-publish","format-standard","has-post-thumbnail","hentry","category-blog-news","category-lokal_fokus_asker_kommune","entry","has-media"],"yoast_head":"<!-- This site is optimized with the Yoast SEO plugin v26.1.1 - https:\/\/yoast.com\/wordpress\/plugins\/seo\/ -->\n<title>Arkitekt og ansvarlig s\u00f8ker Asker kommune | Askala Arkitektur AS<\/title>\n<meta name=\"robots\" content=\"index, follow, max-snippet:-1, max-image-preview:large, max-video-preview:-1\" \/>\n<link rel=\"canonical\" href=\"https:\/\/askala.no\/index.php\/2025\/10\/13\/arkitekt-og-ansvarlig-soker-asker-kommune\/\" \/>\n<meta property=\"og:locale\" content=\"en_US\" \/>\n<meta property=\"og:type\" content=\"article\" \/>\n<meta property=\"og:title\" content=\"Arkitekt og ansvarlig s\u00f8ker Asker kommune | Askala Arkitektur AS\" \/>\n<meta property=\"og:description\" content=\"Arkitekt og ansvarlig s\u00f8ker i Asker kommune ASKALA ARKITEKTUR AS er et lokalt arkitektkontor i Asker kommune som tilbyr arkitekttjenester og ansvarlig s\u00f8ker (S\u00d8K) for b\u00e5de private og profesjonelle kunder.Vi hjelper deg med alt fra id\u00e9 og tegninger til komplett bygges\u00f8knad \u2013 trygt, ryddig og i tr\u00e5d med plan- og bygningsloven. Som arkitekt i Asker [&hellip;]\" \/>\n<meta property=\"og:url\" content=\"https:\/\/askala.no\/index.php\/2025\/10\/13\/arkitekt-og-ansvarlig-soker-asker-kommune\/\" \/>\n<meta property=\"og:site_name\" content=\"Askala Arkitektur AS\" \/>\n<meta property=\"article:published_time\" content=\"2025-10-13T08:03:56+00:00\" \/>\n<meta property=\"article:modified_time\" content=\"2025-10-13T08:11:40+00:00\" \/>\n<meta property=\"og:image\" content=\"http:\/\/askala.no\/wp-content\/uploads\/2022\/11\/Kamera-6-viz-11.8-scaled.jpg\" \/>\n\t<meta property=\"og:image:width\" content=\"2560\" \/>\n\t<meta property=\"og:image:height\" content=\"1440\" \/>\n\t<meta property=\"og:image:type\" content=\"image\/jpeg\" \/>\n<meta name=\"author\" content=\"Joanna M Domagalska\" \/>\n<meta name=\"twitter:card\" content=\"summary_large_image\" \/>\n<meta name=\"twitter:label1\" content=\"Written by\" \/>\n\t<meta name=\"twitter:data1\" content=\"Joanna M Domagalska\" \/>\n\t<meta name=\"twitter:label2\" content=\"Est. reading time\" \/>\n\t<meta name=\"twitter:data2\" content=\"1 minute\" \/>\n<script type=\"application\/ld+json\" class=\"yoast-schema-graph\">{\"@context\":\"https:\/\/schema.org\",\"@graph\":[{\"@type\":\"Article\",\"@id\":\"https:\/\/askala.no\/index.php\/2025\/10\/13\/arkitekt-og-ansvarlig-soker-asker-kommune\/#article\",\"isPartOf\":{\"@id\":\"https:\/\/askala.no\/index.php\/2025\/10\/13\/arkitekt-og-ansvarlig-soker-asker-kommune\/\"},\"author\":{\"name\":\"Joanna M Domagalska\",\"@id\":\"https:\/\/askala.no\/#\/schema\/person\/e2f359668bd6090f5c1f0f7fe68a05b2\"},\"headline\":\"Arkitekt og ansvarlig s\u00f8ker Asker kommune\",\"datePublished\":\"2025-10-13T08:03:56+00:00\",\"dateModified\":\"2025-10-13T08:11:40+00:00\",\"mainEntityOfPage\":{\"@id\":\"https:\/\/askala.no\/index.php\/2025\/10\/13\/arkitekt-og-ansvarlig-soker-asker-kommune\/\"},\"wordCount\":201,\"commentCount\":0,\"publisher\":{\"@id\":\"https:\/\/askala.no\/#organization\"},\"image\":{\"@id\":\"https:\/\/askala.no\/index.php\/2025\/10\/13\/arkitekt-og-ansvarlig-soker-asker-kommune\/#primaryimage\"},\"thumbnailUrl\":\"https:\/\/askala.no\/wp-content\/uploads\/2022\/11\/Kamera-6-viz-11.8-scaled.jpg\",\"articleSection\":[\"Blog News\",\"Lokal fokus - Asker kommune\"],\"inLanguage\":\"en-US\",\"potentialAction\":[{\"@type\":\"CommentAction\",\"name\":\"Comment\",\"target\":[\"https:\/\/askala.no\/index.php\/2025\/10\/13\/arkitekt-og-ansvarlig-soker-asker-kommune\/#respond\"]}]},{\"@type\":\"WebPage\",\"@id\":\"https:\/\/askala.no\/index.php\/2025\/10\/13\/arkitekt-og-ansvarlig-soker-asker-kommune\/\",\"url\":\"https:\/\/askala.no\/index.php\/2025\/10\/13\/arkitekt-og-ansvarlig-soker-asker-kommune\/\",\"name\":\"Arkitekt og ansvarlig s\u00f8ker Asker kommune | Askala Arkitektur AS\",\"isPartOf\":{\"@id\":\"https:\/\/askala.no\/#website\"},\"primaryImageOfPage\":{\"@id\":\"https:\/\/askala.no\/index.php\/2025\/10\/13\/arkitekt-og-ansvarlig-soker-asker-kommune\/#primaryimage\"},\"image\":{\"@id\":\"https:\/\/askala.no\/index.php\/2025\/10\/13\/arkitekt-og-ansvarlig-soker-asker-kommune\/#primaryimage\"},\"thumbnailUrl\":\"https:\/\/askala.no\/wp-content\/uploads\/2022\/11\/Kamera-6-viz-11.8-scaled.jpg\",\"datePublished\":\"2025-10-13T08:03:56+00:00\",\"dateModified\":\"2025-10-13T08:11:40+00:00\",\"breadcrumb\":{\"@id\":\"https:\/\/askala.no\/index.php\/2025\/10\/13\/arkitekt-og-ansvarlig-soker-asker-kommune\/#breadcrumb\"},\"inLanguage\":\"en-US\",\"potentialAction\":[{\"@type\":\"ReadAction\",\"target\":[\"https:\/\/askala.no\/index.php\/2025\/10\/13\/arkitekt-og-ansvarlig-soker-asker-kommune\/\"]}]},{\"@type\":\"ImageObject\",\"inLanguage\":\"en-US\",\"@id\":\"https:\/\/askala.no\/index.php\/2025\/10\/13\/arkitekt-og-ansvarlig-soker-asker-kommune\/#primaryimage\",\"url\":\"https:\/\/askala.no\/wp-content\/uploads\/2022\/11\/Kamera-6-viz-11.8-scaled.jpg\",\"contentUrl\":\"https:\/\/askala.no\/wp-content\/uploads\/2022\/11\/Kamera-6-viz-11.8-scaled.jpg\",\"width\":2560,\"height\":1440},{\"@type\":\"BreadcrumbList\",\"@id\":\"https:\/\/askala.no\/index.php\/2025\/10\/13\/arkitekt-og-ansvarlig-soker-asker-kommune\/#breadcrumb\",\"itemListElement\":[{\"@type\":\"ListItem\",\"position\":1,\"name\":\"Home\",\"item\":\"https:\/\/askala.no\/\"},{\"@type\":\"ListItem\",\"position\":2,\"name\":\"Arkitekt og ansvarlig s\u00f8ker Asker kommune\"}]},{\"@type\":\"WebSite\",\"@id\":\"https:\/\/askala.no\/#website\",\"url\":\"https:\/\/askala.no\/\",\"name\":\"Askala Arkitektur AS\",\"description\":\"Arkitekt\",\"publisher\":{\"@id\":\"https:\/\/askala.no\/#organization\"},\"potentialAction\":[{\"@type\":\"SearchAction\",\"target\":{\"@type\":\"EntryPoint\",\"urlTemplate\":\"https:\/\/askala.no\/?s={search_term_string}\"},\"query-input\":{\"@type\":\"PropertyValueSpecification\",\"valueRequired\":true,\"valueName\":\"search_term_string\"}}],\"inLanguage\":\"en-US\"},{\"@type\":\"Organization\",\"@id\":\"https:\/\/askala.no\/#organization\",\"name\":\"Askala Arkitektur AS\",\"url\":\"https:\/\/askala.no\/\",\"logo\":{\"@type\":\"ImageObject\",\"inLanguage\":\"en-US\",\"@id\":\"https:\/\/askala.no\/#\/schema\/logo\/image\/\",\"url\":\"\",\"contentUrl\":\"\",\"caption\":\"Askala Arkitektur AS\"},\"image\":{\"@id\":\"https:\/\/askala.no\/#\/schema\/logo\/image\/\"}},{\"@type\":\"Person\",\"@id\":\"https:\/\/askala.no\/#\/schema\/person\/e2f359668bd6090f5c1f0f7fe68a05b2\",\"name\":\"Joanna M Domagalska\",\"image\":{\"@type\":\"ImageObject\",\"inLanguage\":\"en-US\",\"@id\":\"https:\/\/askala.no\/#\/schema\/person\/image\/\",\"url\":\"https:\/\/secure.gravatar.com\/avatar\/4590e03c29588908a47551e33f435b0332be3c5a1f2a775ccde55684d179e9b4?s=96&d=mm&r=g\",\"contentUrl\":\"https:\/\/secure.gravatar.com\/avatar\/4590e03c29588908a47551e33f435b0332be3c5a1f2a775ccde55684d179e9b4?s=96&d=mm&r=g\",\"caption\":\"Joanna M Domagalska\"},\"sameAs\":[\"http:\/\/askala.no\"]}]}<\/script>\n<!-- \/ Yoast SEO plugin. -->","yoast_head_json":{"title":"Arkitekt og ansvarlig s\u00f8ker Asker kommune | Askala Arkitektur AS","robots":{"index":"index","follow":"follow","max-snippet":"max-snippet:-1","max-image-preview":"max-image-preview:large","max-video-preview":"max-video-preview:-1"},"canonical":"https:\/\/askala.no\/index.php\/2025\/10\/13\/arkitekt-og-ansvarlig-soker-asker-kommune\/","og_locale":"en_US","og_type":"article","og_title":"Arkitekt og ansvarlig s\u00f8ker Asker kommune | Askala Arkitektur AS","og_description":"Arkitekt og ansvarlig s\u00f8ker i Asker kommune ASKALA ARKITEKTUR AS er et lokalt arkitektkontor i Asker kommune som tilbyr arkitekttjenester og ansvarlig s\u00f8ker (S\u00d8K) for b\u00e5de private og profesjonelle kunder.Vi hjelper deg med alt fra id\u00e9 og tegninger til komplett bygges\u00f8knad \u2013 trygt, ryddig og i tr\u00e5d med plan- og bygningsloven. Som arkitekt i Asker [&hellip;]","og_url":"https:\/\/askala.no\/index.php\/2025\/10\/13\/arkitekt-og-ansvarlig-soker-asker-kommune\/","og_site_name":"Askala Arkitektur AS","article_published_time":"2025-10-13T08:03:56+00:00","article_modified_time":"2025-10-13T08:11:40+00:00","og_image":[{"width":2560,"height":1440,"url":"http:\/\/askala.no\/wp-content\/uploads\/2022\/11\/Kamera-6-viz-11.8-scaled.jpg","type":"image\/jpeg"}],"author":"Joanna M Domagalska","twitter_card":"summary_large_image","twitter_misc":{"Written by":"Joanna M Domagalska","Est. reading time":"1 minute"},"schema":{"@context":"https:\/\/schema.org","@graph":[{"@type":"Article","@id":"https:\/\/askala.no\/index.php\/2025\/10\/13\/arkitekt-og-ansvarlig-soker-asker-kommune\/#article","isPartOf":{"@id":"https:\/\/askala.no\/index.php\/2025\/10\/13\/arkitekt-og-ansvarlig-soker-asker-kommune\/"},"author":{"name":"Joanna M Domagalska","@id":"https:\/\/askala.no\/#\/schema\/person\/e2f359668bd6090f5c1f0f7fe68a05b2"},"headline":"Arkitekt og ansvarlig s\u00f8ker Asker kommune","datePublished":"2025-10-13T08:03:56+00:00","dateModified":"2025-10-13T08:11:40+00:00","mainEntityOfPage":{"@id":"https:\/\/askala.no\/index.php\/2025\/10\/13\/arkitekt-og-ansvarlig-soker-asker-kommune\/"},"wordCount":201,"commentCount":0,"publisher":{"@id":"https:\/\/askala.no\/#organization"},"image":{"@id":"https:\/\/askala.no\/index.php\/2025\/10\/13\/arkitekt-og-ansvarlig-soker-asker-kommune\/#primaryimage"},"thumbnailUrl":"https:\/\/askala.no\/wp-content\/uploads\/2022\/11\/Kamera-6-viz-11.8-scaled.jpg","articleSection":["Blog News","Lokal fokus - Asker kommune"],"inLanguage":"en-US","potentialAction":[{"@type":"CommentAction","name":"Comment","target":["https:\/\/askala.no\/index.php\/2025\/10\/13\/arkitekt-og-ansvarlig-soker-asker-kommune\/#respond"]}]},{"@type":"WebPage","@id":"https:\/\/askala.no\/index.php\/2025\/10\/13\/arkitekt-og-ansvarlig-soker-asker-kommune\/","url":"https:\/\/askala.no\/index.php\/2025\/10\/13\/arkitekt-og-ansvarlig-soker-asker-kommune\/","name":"Arkitekt og ansvarlig s\u00f8ker Asker kommune | Askala Arkitektur AS","isPartOf":{"@id":"https:\/\/askala.no\/#website"},"primaryImageOfPage":{"@id":"https:\/\/askala.no\/index.php\/2025\/10\/13\/arkitekt-og-ansvarlig-soker-asker-kommune\/#primaryimage"},"image":{"@id":"https:\/\/askala.no\/index.php\/2025\/10\/13\/arkitekt-og-ansvarlig-soker-asker-kommune\/#primaryimage"},"thumbnailUrl":"https:\/\/askala.no\/wp-content\/uploads\/2022\/11\/Kamera-6-viz-11.8-scaled.jpg","datePublished":"2025-10-13T08:03:56+00:00","dateModified":"2025-10-13T08:11:40+00:00","breadcrumb":{"@id":"https:\/\/askala.no\/index.php\/2025\/10\/13\/arkitekt-og-ansvarlig-soker-asker-kommune\/#breadcrumb"},"inLanguage":"en-US","potentialAction":[{"@type":"ReadAction","target":["https:\/\/askala.no\/index.php\/2025\/10\/13\/arkitekt-og-ansvarlig-soker-asker-kommune\/"]}]},{"@type":"ImageObject","inLanguage":"en-US","@id":"https:\/\/askala.no\/index.php\/2025\/10\/13\/arkitekt-og-ansvarlig-soker-asker-kommune\/#primaryimage","url":"https:\/\/askala.no\/wp-content\/uploads\/2022\/11\/Kamera-6-viz-11.8-scaled.jpg","contentUrl":"https:\/\/askala.no\/wp-content\/uploads\/2022\/11\/Kamera-6-viz-11.8-scaled.jpg","width":2560,"height":1440},{"@type":"BreadcrumbList","@id":"https:\/\/askala.no\/index.php\/2025\/10\/13\/arkitekt-og-ansvarlig-soker-asker-kommune\/#breadcrumb","itemListElement":[{"@type":"ListItem","position":1,"name":"Home","item":"https:\/\/askala.no\/"},{"@type":"ListItem","position":2,"name":"Arkitekt og ansvarlig s\u00f8ker Asker kommune"}]},{"@type":"WebSite","@id":"https:\/\/askala.no\/#website","url":"https:\/\/askala.no\/","name":"Askala Arkitektur AS","description":"Arkitekt","publisher":{"@id":"https:\/\/askala.no\/#organization"},"potentialAction":[{"@type":"SearchAction","target":{"@type":"EntryPoint","urlTemplate":"https:\/\/askala.no\/?s={search_term_string}"},"query-input":{"@type":"PropertyValueSpecification","valueRequired":true,"valueName":"search_term_string"}}],"inLanguage":"en-US"},{"@type":"Organization","@id":"https:\/\/askala.no\/#organization","name":"Askala Arkitektur AS","url":"https:\/\/askala.no\/","logo":{"@type":"ImageObject","inLanguage":"en-US","@id":"https:\/\/askala.no\/#\/schema\/logo\/image\/","url":"","contentUrl":"","caption":"Askala Arkitektur AS"},"image":{"@id":"https:\/\/askala.no\/#\/schema\/logo\/image\/"}},{"@type":"Person","@id":"https:\/\/askala.no\/#\/schema\/person\/e2f359668bd6090f5c1f0f7fe68a05b2","name":"Joanna M Domagalska","image":{"@type":"ImageObject","inLanguage":"en-US","@id":"https:\/\/askala.no\/#\/schema\/person\/image\/","url":"https:\/\/secure.gravatar.com\/avatar\/4590e03c29588908a47551e33f435b0332be3c5a1f2a775ccde55684d179e9b4?s=96&d=mm&r=g","contentUrl":"https:\/\/secure.gravatar.com\/avatar\/4590e03c29588908a47551e33f435b0332be3c5a1f2a775ccde55684d179e9b4?s=96&d=mm&r=g","caption":"Joanna M Domagalska"},"sameAs":["http:\/\/askala.no"]}]}},"_links":{"self":[{"href":"https:\/\/askala.no\/index.php\/wp-json\/wp\/v2\/posts\/1295","targetHints":{"allow":["GET"]}}],"collection":[{"href":"https:\/\/askala.no\/index.php\/wp-json\/wp\/v2\/posts"}],"about":[{"href":"https:\/\/askala.no\/index.php\/wp-json\/wp\/v2\/types\/post"}],"author":[{"embeddable":true,"href":"https:\/\/askala.no\/index.php\/wp-json\/wp\/v2\/users\/4"}],"replies":[{"embeddable":true,"href":"https:\/\/askala.no\/index.php\/wp-json\/wp\/v2\/comments?post=1295"}],"version-history":[{"count":2,"href":"https:\/\/askala.no\/index.php\/wp-json\/wp\/v2\/posts\/1295\/revisions"}],"predecessor-version":[{"id":1338,"href":"https:\/\/askala.no\/index.php\/wp-json\/wp\/v2\/posts\/1295\/revisions\/1338"}],"wp:featuredmedia":[{"embeddable":true,"href":"https:\/\/askala.no\/index.php\/wp-json\/wp\/v2\/media\/1151"}],"wp:attachment":[{"href":"https:\/\/askala.no\/index.php\/wp-json\/wp\/v2\/media?parent=1295"}],"wp:term":[{"taxonomy":"category","embeddable":true,"href":"https:\/\/askala.no\/index.php\/wp-json\/wp\/v2\/categories?post=1295"},{"taxonomy":"post_tag","embeddable":true,"href":"https:\/\/askala.no\/index.php\/wp-json\/wp\/v2\/tags?post=1295"}],"curies":[{"name":"wp","href":"https:\/\/api.w.org\/{rel}","templated":true}]}}